{"id":13061,"date":"2026-08-31T22:15:49","date_gmt":"2026-08-31T20:15:49","guid":{"rendered":"https:\/\/koldingmotion.dk\/?p=13061"},"modified":"2026-08-31T22:15:50","modified_gmt":"2026-08-31T20:15:50","slug":"nyt-fra-din-loebeklub-kolding-motion-38","status":"publish","type":"post","link":"https:\/\/koldingmotion.dk\/index.php\/2026\/08\/31\/nyt-fra-din-loebeklub-kolding-motion-38\/","title":{"rendered":"Nyt fra DIN l\u00f8beklub Kolding Motion"},"content":{"rendered":"\n<p>K\u00e6re KM\u00b4er.\u00a0\u00a0\u00a0\u00a0\u00a0\u00a0\u00a0\u00a0\u00a0\u00a0\u00a0\u00a0\u00a0\u00a0\u00a0\u00a0\u00a0\u00a0\u00a0\u00a0\u00a0\u00a0\u00a0\u00a0\u00a0\u00a0\u00a0\u00a0\u00a0\u00a0 \u00a0\u00a0\u00a0\u00a0\u00a0\u00a0\u00a0\u00a0\u00a0\u00a0\u00a0\u00a0\u00a0\u00a0\u00a0\u00a0\u00a0\u00a0\u00a0\u00a0\u00a0\u00a0\u00a0\u00a0\u00a0\u00a0\u00a0\u00a0\u00a0\u00a0\u00a0\u00a0\u00a0\u00a0\u00a0\u00a0\u00a0\u00a0\u00a0\u00a0\u00a0\u00a0\u00a0\u00a0\u00a0\u00a0\u00a0\u00a0\u00a0\u00a0\u00a0\u00a0\u00a0\u00a0                                     august 2026<\/p>\n\n\n\n<p>Vi n\u00e6rmer os efter\u00e5ret, og er \u201dadvaret\u201d med bl\u00e6st og regn i weekenden. Vores stand p\u00e5 Kulturnatten var fint bes\u00f8gt, og vi fik gode snakke med interesserede i vores klub. Tak til Nis, Ole, Hugo og Nina for at v\u00e6re med.<\/p>\n\n\n\n<p>Du kan l\u00e6se om disse emner i nyhedsbrevet.<br>&#8211; L\u00f8b hos Gitte og Per<br>&#8211; Starttid p\u00e5 l\u00f8rdagsturen<br>&#8211; L\u00f8rdagsbuffet og indk\u00f8bere<br>&#8211; Powerwalk p\u00e5 menuen<br>&#8211; Kaffe i g\u00e5rden den 26-9.<br>&#8211; Officielt l\u00f8b i oktober<br>&#8211; Julefrokost 21-11<br>&#8211; Socialt l\u00f8b 4-10<br>&nbsp;<\/p>\n\n\n\n<p>Midt i august rykkede vi l\u00f8rdagsturen til Sandholm og Kolding G\u00e5rdbryggeri.&nbsp;Vi kom som altid ud p\u00e5 nogle nye stier og fik gode oplevelser undervejs. Afslutning i g\u00e5rden med l\u00e6kre p\u00f8lser og dejligt \u00f8l fuldendte oplevelsen.<br>Vi gl\u00e6der os til, at komme igen i 2027.<\/p>\n\n\n\n<p>Starttiden p\u00e5 den lange l\u00f8rdagstur&nbsp;blev efter debat p\u00e5 for\u00e5rets generalforsamling \u00e6ndret til klokken ni.<br>Et fors\u00f8g p\u00e5 at skabe mere samling efter vores l\u00f8rdagsl\u00f8b, s\u00e5 de \u201dlange l\u00f8bere\u201d kommer hjem inden klublokalet er affolket.<br>Vi har kort dr\u00f8ftet det i bestyrelsen og vil evaluere p\u00e5 \u00e6ndringen, n\u00e5r vi er g\u00e5et tilbage til klokken ti ved skiftet til vintertid i oktober.<\/p>\n\n\n\n<p>Fra oktober s\u00e6tter vi gang i l\u00f8rdagsbuffet den f\u00f8rste l\u00f8rdag i m\u00e5neden. Vi mangler en eller to friske KM\u00b4ere, som p\u00e5 skift kan k\u00f8be ind i SuperBrugsen, hvor vi har en konto og indk\u00f8bskort. Opgaven er at handle i dagene op til buffetdagen, og s\u00e6tte varerne p\u00e5 k\u00f8l\/i klublokalet.<br>Du f\u00e5r en indk\u00f8bsliste, og skal regne med at bruge ca. \u00bd time p\u00e5 opgaven pr. gang. HC er tovholder, s\u00e5 meld til ham at du er frisk p\u00e5 opgaven.<\/p>\n\n\n\n<p>Powerwalk er en ny aktivitet i KM.&nbsp;Anna Kj\u00e6r har gennemf\u00f8rt tr\u00e6nerkursus og s\u00e6tter gang i et walk-hold.<br>Opstart onsdag den 2. september klokken 17,&nbsp;<a rel=\"noreferrer noopener\" target=\"_blank\" href=\"https:\/\/www.facebook.com\/photo?fbid=10245506365815820&amp;set=gm.10164764971959044&amp;idorvanity=26801489043\">L\u00e6s mere i opslaget p\u00e5 Facebook<\/a>.<\/p>\n\n\n\n<p>Der serveres kaffe i g\u00e5rden l\u00f8rdag den 26-9. Vi har v\u00e6ret aktive som hj\u00e6lpere ved Gr\u00f8n Koncert, og det kommer os alle til gode.<br>Tak til&nbsp;de seje, som brugte en dag i Seest.<\/p>\n\n\n\n<p>L\u00f8rdag den 31-10 holder klubben officielt l\u00f8b, med b\u00e5de&nbsp;<a rel=\"noreferrer noopener\" target=\"_blank\" href=\"https:\/\/www.sportstiming.dk\/checkout\/completedpaid?orderId=ST4106930&amp;event=19271&amp;paymentid=c2ea3fbcd0e14309a2a5baa1172e7c4e\">5 og 10 km samt halvmarathon, tilmeld her<\/a>. Som medlem deltager du gratis, der er et lille gebyr ved tilmelding. \u00d8nsker du medalje, bestilles og betales den ved tilmeldingen.<br>Prik de l\u00f8bere du kender, som ikke er medlem af klubben. Vi har plads til alle, og vil gerne vise vores klub frem.<\/p>\n\n\n\n<p>\u00c5rets julefrokost bliver l\u00f8rdag den 21. november i Parkhallens lokaler. Har du lyst til en god fest, har du mulighed for at s\u00e6tte dit pr\u00e6g p\u00e5 den. Tag fat i Charlotte fra bestyrelsen, s\u00e5 guider hun dig videre i processen til tovholderen.<br>Der kommer en s\u00e6rskilt invitation senere p\u00e5 efter\u00e5ret \u2013 men s\u00e6t kryds i kalenderen, s\u00e5 du har dagen reserveret.<\/p>\n\n\n\n<p>Anna Kj\u00e6r har lavet opslag i Facebook-gruppen om et socialt l\u00f8b den 4. oktober.<br>Det starter ved Den hvide hest i centrum af Kolding.\u00a0<a href=\"https:\/\/www.facebook.com\/events\/934547392991010\/?acontext=%7B%22event_action_history%22%3A%5b%7B%22surface%22%3A%22group%22%7D%2C%7B%22mechanism%22%3A%22attachment%22%2C%22surface%22%3A%22newsfeed%22%7D%5d%2C%22ref_notif_type%22%3Anull%7D&amp;__cft__%5b0%5d=AZbNfzotBSZmL_9cUXUthfGDXZnC49eTQJiaDDeoQgLCJWpf45lJjrYmR6HFFp5s30meqePhgs0bO6aJRQlgpWq5RRcTnchC49X9XDck0mnSkN4R63JD396maOgBKnGj2GLzMUBGtoPevwIeqfhVK04DbljZEcAUuttpeXDR2NoGByQSdso038Z0ryJB6IuBESk&amp;__tn__=H-R\" target=\"_blank\" rel=\"noreferrer noopener\">Se mere her<\/a>.<br><br><br>Sportslig hilsen<br>Bestyrelsen Kolding Motion<br>Jan Lundsgaard<\/p>\n","protected":false},"excerpt":{"rendered":"<p>K\u00e6re KM\u00b4er.\u00a0\u00a0\u00a0\u00a0\u00a0\u00a0\u00a0\u00a0\u00a0\u00a0\u00a0\u00a0\u00a0\u00a0\u00a0\u00a0\u00a0\u00a0\u00a0\u00a0\u00a0\u00a0\u00a0\u00a0\u00a0\u00a0\u00a0\u00a0\u00a0\u00a0 \u00a0\u00a0\u00a0\u00a0\u00a0\u00a0\u00a0\u00a0\u00a0\u00a0\u00a0\u00a0\u00a0\u00a0\u00a0\u00a0\u00a0\u00a0\u00a0\u00a0\u00a0\u00a0\u00a0\u00a0\u00a0\u00a0\u00a0\u00a0\u00a0\u00a0\u00a0\u00a0\u00a0\u00a0\u00a0\u00a0\u00a0\u00a0\u00a0\u00a0\u00a0\u00a0\u00a0\u00a0\u00a0\u00a0\u00a0\u00a0\u00a0\u00a0\u00a0\u00a0\u00a0\u00a0 august 2026 Vi n\u00e6rmer os efter\u00e5ret, og er \u201dadvaret\u201d med bl\u00e6st og regn i weekenden. Vores stand p\u00e5 Kulturnatten var fint bes\u00f8gt, og vi fik gode snakke [&hellip;]<\/p>\n","protected":false},"author":990007,"featured_media":0,"comment_status":"closed","ping_status":"open","sticky":false,"template":"","format":"standard","meta":{"footnotes":""},"categories":[72],"tags":[],"class_list":["post-13061","post","type-post","status-publish","format-standard","hentry","category-nyheder"],"_links":{"self":[{"href":"https:\/\/koldingmotion.dk\/index.php\/wp-json\/wp\/v2\/posts\/13061","targetHints":{"allow":["GET"]}}],"collection":[{"href":"https:\/\/koldingmotion.dk\/index.php\/wp-json\/wp\/v2\/posts"}],"about":[{"href":"https:\/\/koldingmotion.dk\/index.php\/wp-json\/wp\/v2\/types\/post"}],"author":[{"embeddable":true,"href":"https:\/\/koldingmotion.dk\/index.php\/wp-json\/wp\/v2\/users\/990007"}],"replies":[{"embeddable":true,"href":"https:\/\/koldingmotion.dk\/index.php\/wp-json\/wp\/v2\/comments?post=13061"}],"version-history":[{"count":1,"href":"https:\/\/koldingmotion.dk\/index.php\/wp-json\/wp\/v2\/posts\/13061\/revisions"}],"predecessor-version":[{"id":13062,"href":"https:\/\/koldingmotion.dk\/index.php\/wp-json\/wp\/v2\/posts\/13061\/revisions\/13062"}],"wp:attachment":[{"href":"https:\/\/koldingmotion.dk\/index.php\/wp-json\/wp\/v2\/media?parent=13061"}],"wp:term":[{"taxonomy":"category","embeddable":true,"href":"https:\/\/koldingmotion.dk\/index.php\/wp-json\/wp\/v2\/categories?post=13061"},{"taxonomy":"post_tag","embeddable":true,"href":"https:\/\/koldingmotion.dk\/index.php\/wp-json\/wp\/v2\/tags?post=13061"}],"curies":[{"name":"wp","href":"https:\/\/api.w.org\/{rel}","templated":true}]}}